{"id":6553,"date":"2018-11-28T15:00:23","date_gmt":"2018-11-28T15:00:23","guid":{"rendered":"https:\/\/lavgraft.com.br\/?p=6553"},"modified":"2020-08-16T17:10:31","modified_gmt":"2020-08-16T20:10:31","slug":"fakenews","status":"publish","type":"post","link":"https:\/\/webmuseu.org\/lavmuseu\/fakenews\/","title":{"rendered":"LavMUSEU lan\u00e7a o relat\u00f3rio &#8220;Museus e Fake News: Elei\u00e7\u00f5es 2018&#8221;"},"content":{"rendered":"<section class=\"l-section wpb_row height_medium\"><div class=\"l-section-h i-cf\"><div class=\"g-cols vc_row via_flex valign_top type_default stacking_default\"><div class=\"vc_col-sm-12 wpb_column vc_column_container\"><div class=\"vc_column-inner\"><div class=\"wpb_wrapper\"><div class=\"wpb_text_column\"><div class=\"wpb_wrapper\"><h2>Museus e Fake News<\/h2>\n<p>O LavMUSEU (antigo LavGRAFT) disponibiliza agora o relat\u00f3rio <strong>Museus e Fake News: Elei\u00e7\u00f5es 2018<\/strong>, apresentando um levantamento dos dados coletados ao longo da \u00faltima campanha eleitoral (31 de Agosto a 28 de Outubro de 2018). Para o desenvolvimento deste trabalho foram fundamentais as ferramentas do <a href=\"http:\/\/www.eleicoes-sem-fake.dcc.ufmg.br\/\" target=\"_blank\" rel=\"noopener noreferrer\">Elei\u00e7\u00f5es sem Fake<\/a>, projeto coordenado pelo Prof. Fabr\u00edcio Benevenuto (<a href=\"http:\/\/www.dcc.ufmg.br\/dcc\/\" target=\"_blank\" rel=\"noopener noreferrer\">DCC\/UFMG<\/a>). Al\u00e9m dos recursos gratuitos, disponibilizados livremente na plataforma, o LavMUSEU teve acesso ao <a href=\"http:\/\/www.monitor-de-whatsapp.dcc.ufmg.br\/\" target=\"_blank\" rel=\"noopener noreferrer\">Monitor de WhatsApp<\/a>, gentilmente cedido pelo projeto. O Monitor ranqueia, diariamente, as imagens, v\u00eddeos, mensagens, links e \u00e1udios mais compartilhados nos grupos p\u00fablicos de pol\u00edtica do WhatsApp. Atualmente o software monitora 364 grupos.<\/p>\n<p>Ao todo foram 14 imagens com o tema <strong>museus<\/strong> compartilhadas no per\u00edodo eleitoral. A imagem mais compartilhada retratava a performance La B\u00eate no MAM SP (2017), na qual o artista caminhava nu cercado por crian\u00e7as. Quatro montagens diferentes desta fotografia foram compartilhadas 98 vezes, por 9 dias, nos grupos monitorados pelo sistema. A montagem mais difundida, com 45 compartilhamentos, comparava a cena com uma obra de arte contendo um &#8220;dem\u00f4nio&#8221; cercado por crian\u00e7as, acrescida dos dizeres: &#8220;Espero que esta imagem ajude voc\u00ea a entender de uma vez por todas que tipo de guerra estamos travando&#8221;. No dia 23\/09\/2018, esta montagem foi a imagem mais compartilhada do dia, ocupando o Top 01.<\/p>\n<p>Sem entrar no m\u00e9rito da qualidade art\u00edstica da performance La B\u00eate, nem da sua adequa\u00e7\u00e3o ao p\u00fablico infantil, o fato \u00e9 que os museus fizeram parte da guerra eleitoral e este fen\u00f4meno levou nossas institui\u00e7\u00f5es culturais ao epicentro das fake news. Para agravar este cen\u00e1rio, a trag\u00e9dia do Museu Nacional acirrou ainda mais a discuss\u00e3o sobre a Lei Rouanet e sobre as formas de gest\u00e3o dos nossos museus, precipitando inclusive altera\u00e7\u00f5es no <a href=\"http:\/\/www.museus.gov.br\/\" target=\"_blank\" rel=\"noopener noreferrer\">Instituto Brasileiro de Museus (IBRAM)<\/a>.<\/p>\n<p>Os museus tamb\u00e9m marcaram presen\u00e7a nas mensagens de texto. Foram compartilhadas 27 mensagens de WhatsApp (mencionando museus) por 186 vezes em 15 dias do per\u00edodo monitorado (59 dias). Ou seja, em 25% dos dias de campanha o tema esteve em pauta nos grupos captados pelo sistema, um quarto do tempo. Ainda em 03\/09\/2018, ocasi\u00e3o do inc\u00eandio, dentre as 50 mensagens mais compartilhadas, 16 mencionavam a palavra <strong>museu<\/strong>, sendo 15 destas abordando o inc\u00eandio no Museu Nacional. De fato, as 03 mensagens sobre museus mais compartilhadas no per\u00edodo eleitoral como um todo referiam-se ao inc\u00eandio.<\/p>\n<p>As mensagens, no geral, versavam sobre o impacto que a PEC do Teto teria na manuten\u00e7\u00e3o do Museu Nacional, listavam projetos supostamente patrocinados via Lei Rouanet com verbas bem maiores do que as necess\u00e1rias para manuten\u00e7\u00e3o deste museu e, por fim, questionavam as filia\u00e7\u00f5es partid\u00e1rias do Reitor da UFRJ, institui\u00e7\u00e3o respons\u00e1vel pelo Museu Nacional.<\/p>\n<p>Al\u00e9m do monitoramento do WhatsApp, a pesquisa levantou a presen\u00e7a de rob\u00f4s no impulsionamento dos tweets sobre o Museu Nacional (<a href=\"http:\/\/www.bot-ou-humano.dcc.ufmg.br\/\" target=\"_blank\" rel=\"noopener noreferrer\">Bot ou Humano?<\/a> &#8211; Projeto Elei\u00e7\u00f5es Sem Fake da UFMG), compartilhamento de posts sobre o inc\u00eandio no Facebook (dados do <a href=\"https:\/\/www.facebook.com\/monitordodebatepolitico\/posts\/1938526326208821?__xts__%5B0%5D=68.ARC8qs9MbX4wXH_XQUSbPgvENOiquRDlpPlEv314rXP0cxO7pgp60wRjW0ZIttFcAWXEZ-X6h6ob21jYSOHujM2in4PenUYeCUjb-QJak0_W9HvtkQkstRwZMtKde1uYgqfZRQ3AXm99kh7Yiu6CCocJfBRje58CQWijSqeaP833XUHCoJtfXBlQ4stOoa7Wl1OdmrN87LeG0NS9O3jSmcVuYEpL4nJS2JV-v1qLhv5N9THuj9UwuSIIzlomf0zpbBvyKh80jR5cqp7EWjdvTUzqLz2MV4SuQuaUysGWK32Wl-qxC5yb-DDj6yZA0iEk3Yo&amp;__tn__=K-R\" target=\"_blank\" rel=\"noopener noreferrer\">Monitor do debate pol\u00edtico no meio digital<\/a> da <a href=\"https:\/\/www5.usp.br\/\" target=\"_blank\" rel=\"noopener noreferrer\">USP<\/a>), bem como o compartilhamento das principais not\u00edcias vinculadas aos museus (ferramenta <a href=\"https:\/\/www.sharedcount.com\/\" target=\"_blank\" rel=\"noopener noreferrer\">SharedCount<\/a>), publicadas por 09 sites de checagem de fatos e 02 projetos agregadores.<\/p>\n<p>Com base nas principais not\u00edcias listadas pela pesquisa, o site de checagem de fatos mais compartilhado foi a <a href=\"https:\/\/piaui.folha.uol.com.br\/lupa\/\" target=\"_blank\" rel=\"noopener noreferrer\">Lupa<\/a>, com cerca de 12.500 compartilhamentos por not\u00edcia, seguido do <a href=\"http:\/\/www.e-farsas.com\/\" target=\"_blank\" rel=\"noopener noreferrer\">E-farsas<\/a> (1.167) e <a href=\"https:\/\/www.boatos.org\/\" target=\"_blank\" rel=\"noopener noreferrer\">Boatos.org<\/a> (800). O <a href=\"https:\/\/piaui.folha.uol.com.br\/lupa\/2018\/09\/03\/museu-nacional-ufrj-programas-tse\/\" target=\"_blank\" rel=\"noopener noreferrer\">artigo mais compartilhado<\/a> analisa os 13 programas de governo dos candidatos e constata que somente 02 destes mencionam explicitamente prote\u00e7\u00e3o aos nossos museus. Esta checagem foi compartilhada mais de 35 mil vezes no Facebook.<\/p>\n<p>O objetivo do levantamento publicado no relat\u00f3rio, que faz parte da pesquisa Museus Virtuais e Blogs Culturais, consiste na averigua\u00e7\u00e3o da exist\u00eancia (ou n\u00e3o) de fake news vinculadas aos museus, bem como os seus poss\u00edveis impactos nestas institui\u00e7\u00f5es em todos os sentidos: financiamento, gest\u00e3o, presen\u00e7a de visitantes, pol\u00edticas p\u00fablicas, etc. As Elei\u00e7\u00f5es 2018 consistem no segundo caso comprovado de fake news amplamente documentado pelo LavMUSEU, sendo o primeiro referente \u00e0 uma exposi\u00e7\u00e3o pol\u00eamica no \u00e2mbito de uma universidade p\u00fablica federal.<\/p>\n<p>A coordenadora da pesquisa e do LavGRAFT, professora <a href=\"https:\/\/webmuseu.org\/ana-cecilia-veiga\/\" target=\"_blank\" rel=\"noopener noreferrer\">Ana Cec\u00edlia Rocha Veiga<\/a> (Curso de <a href=\"http:\/\/colgradmuseo.eci.ufmg.br\/\" target=\"_blank\" rel=\"noopener noreferrer\">Museologia<\/a> da <a href=\"http:\/\/eci.ufmg.br\/\" target=\"_blank\" rel=\"noopener noreferrer\">Escola de Ci\u00eancia da Informa\u00e7\u00e3o<\/a> da <a href=\"https:\/\/ufmg.br\/\" target=\"_blank\" rel=\"noopener noreferrer\">UFMG<\/a>), acrescenta que esta etapa do projeto pretende compreender o fen\u00f4meno das fake news associadas aos museus. A partir da\u00ed, ser\u00e3o elaboradas ferramentas, diretrizes e recomenda\u00e7\u00f5es, de modo que os museus possam estruturar corretamente seus processos de gest\u00e3o de crise e sua presen\u00e7a digital, tanto por meio do website institucional quanto pela eficiente inser\u00e7\u00e3o nas redes sociais. A professora Ana Cec\u00edlia acrescenta:<\/p>\n<blockquote>\n<p>Deste modo, objetiva-se combater, ou ao menos minimizar, os danos causados pelas not\u00edcias falsas, em especial no p\u00fablico alvo composto pelos profissionais e usu\u00e1rios de museus. Este p\u00fablico \u00e9 precioso, pois garante a sua exist\u00eancia. Estes visitantes ass\u00edduos podem se tornar agentes engajados no ativismo digital, combatendo as fake news e contribuindo para a difus\u00e3o do conhecimento e para a prote\u00e7\u00e3o de nossas institui\u00e7\u00f5es culturais. Sobretudo, pretendemos trabalhar com os museus a antecipa\u00e7\u00e3o de problemas com a virtualidade. Preven\u00e7\u00e3o ainda \u00e9 a melhor estrat\u00e9gia.<\/p>\n<\/blockquote>\n<p>O LavMUSEU incentiva os pesquisadores das mais diversas \u00e1reas a avaliarem os dados coletados e compartilharem com o projeto suas conclus\u00f5es. Quanto mais compreendermos as din\u00e2micas associadas \u00e0s fake news de museus, melhores seremos na proposi\u00e7\u00e3o de solu\u00e7\u00f5es desta quest\u00e3o t\u00e3o complexa e dif\u00edcil, que assola n\u00e3o somente a \u00e1rea cultural, mas todas as demais.<\/p>\n<p><a href=\"https:\/\/webmuseu.org\/lavmuseu\/wp-content\/uploads\/sites\/10\/2018\/11\/Museus-e-Fake-News-Eleicoes-2018-v.-1.2.pdf\" target=\"_blank\" rel=\"noopener noreferrer\">Museus e Fake News &#8211; Elei\u00e7\u00f5es 2018 v. 1.2<\/a><\/p>\n<p><a href=\"https:\/\/ufmg.br\/comunicacao\/publicacoes\/boletim\/edicao\/2044\/os-museus-as-fake-news-e-o-silencio-1\" target=\"_blank\" rel=\"noopener noreferrer\">Artigo &#8220;Os museus, as fake news e o sil\u00eancio&#8221; no Boletim da UFMG<\/a><\/p>\n<p><a href=\"https:\/\/ufmg.br\/comunicacao\/noticias\/pesquisa-analisa-fake-news-sobre-museus-nas-eleicoes-deste-ano\" target=\"_blank\" rel=\"noopener noreferrer\">Resumo dos resultados da pesquisa em not\u00edcia do Boletim UFMG\u00a0<\/a><\/p>\n<\/div><\/div><div class=\"w-separator size_medium\"><\/div><div class=\"w-slider style_none fit_scaledown nav_dots count_4\"><div class=\"w-slider-h\" aria-hidden=\"true\"><div class=\"royalSlider\"><div class=\"rsContent\"><a class=\"rsImg\" data-rsw=\"1479\" data-rsh=\"734\" data-rsBigImg=\"https:\/\/webmuseu.org\/lavmuseu\/wp-content\/uploads\/sites\/10\/2018\/11\/eleicoes-sem-fake.png\" href=\"https:\/\/webmuseu.org\/lavmuseu\/wp-content\/uploads\/sites\/10\/2018\/11\/eleicoes-sem-fake.png\"><span data-alt=\"\"><\/span><\/a><div class=\"rsABlock\" data-fadeEffect=\"false\" data-moveEffect=\"none\"><div class=\"w-slider-item-title\">Projeto Elei\u00e7\u00f5es Sem Fake da UFMG<\/div><\/div><\/div><div class=\"rsContent\"><a class=\"rsImg\" data-rsw=\"595\" data-rsh=\"714\" data-rsBigImg=\"https:\/\/webmuseu.org\/lavmuseu\/wp-content\/uploads\/sites\/10\/2018\/11\/mam_sp.jpg\" href=\"https:\/\/webmuseu.org\/lavmuseu\/wp-content\/uploads\/sites\/10\/2018\/11\/mam_sp.jpg\"><span data-alt=\"\"><\/span><\/a><div class=\"rsABlock\" data-fadeEffect=\"false\" data-moveEffect=\"none\"><div class=\"w-slider-item-title\">Imagem mais compartilhada nos grupos de WhatsApp monitorados nas Elei\u00e7\u00f5es 2018<\/div><\/div><\/div><div class=\"rsContent\"><a class=\"rsImg\" data-rsw=\"715\" data-rsh=\"593\" data-rsBigImg=\"https:\/\/webmuseu.org\/lavmuseu\/wp-content\/uploads\/sites\/10\/2018\/11\/monitor_usp.png\" href=\"https:\/\/webmuseu.org\/lavmuseu\/wp-content\/uploads\/sites\/10\/2018\/11\/monitor_usp.png\"><span data-alt=\"\"><\/span><\/a><div class=\"rsABlock\" data-fadeEffect=\"false\" data-moveEffect=\"none\"><div class=\"w-slider-item-title\">Post sobre o Inc\u00eandio do Monitor Pol\u00edtico da USP<\/div><\/div><\/div><div class=\"rsContent\"><a class=\"rsImg\" data-rsw=\"555\" data-rsh=\"381\" data-rsBigImg=\"https:\/\/webmuseu.org\/lavmuseu\/wp-content\/uploads\/sites\/10\/2018\/11\/lupa.png\" href=\"https:\/\/webmuseu.org\/lavmuseu\/wp-content\/uploads\/sites\/10\/2018\/11\/lupa.png\"><span data-alt=\"\"><\/span><\/a><div class=\"rsABlock\" data-fadeEffect=\"false\" data-moveEffect=\"none\"><div class=\"w-slider-item-title\">Not\u00edcia de checagem de fatos mais compartilhada nas Elei\u00e7\u00f5es 2018<\/div><\/div><\/div><\/div><img decoding=\"async\" src=\"https:\/\/webmuseu.org\/lavmuseu\/wp-content\/uploads\/sites\/10\/2018\/11\/eleicoes-sem-fake.png\" width=\"1479\" height=\"734\" alt loading=\"lazy\"><\/div><div class=\"w-slider-json\" onclick='return {&quot;autoScaleSlider&quot;:true,&quot;addActiveClass&quot;:true,&quot;loop&quot;:true,&quot;fadeInLoadedSlide&quot;:false,&quot;slidesSpacing&quot;:0,&quot;imageScalePadding&quot;:0,&quot;numImagesToPreload&quot;:2,&quot;arrowsNav&quot;:true,&quot;arrowsNavAutoHide&quot;:false,&quot;transitionType&quot;:&quot;move&quot;,&quot;transitionSpeed&quot;:250,&quot;block&quot;:{&quot;moveEffect&quot;:&quot;none&quot;,&quot;speed&quot;:300},&quot;thumbs&quot;:{&quot;fitInViewport&quot;:false,&quot;firstMargin&quot;:false,&quot;spacing&quot;:4},&quot;controlNavigation&quot;:&quot;bullets&quot;,&quot;fullscreen&quot;:{&quot;enabled&quot;:true},&quot;autoScaleSliderWidth&quot;:1479,&quot;autoScaleSliderHeight&quot;:734}'><\/div><\/div><\/div><\/div><\/div><\/div><\/div><\/section>\n","protected":false},"excerpt":{"rendered":"Museus e Fake News O LavMUSEU (antigo LavGRAFT) disponibiliza agora o relat\u00f3rio Museus e Fake News: Elei\u00e7\u00f5es 2018, apresentando um levantamento dos dados coletados ao longo da \u00faltima campanha eleitoral (31 de Agosto a 28 de Outubro de 2018). Para o desenvolvimento deste trabalho foram fundamentais as ferramentas do Elei\u00e7\u00f5es sem Fake, projeto coordenado pelo...","protected":false},"author":1,"featured_media":6556,"comment_status":"closed","ping_status":"closed","sticky":false,"template":"","format":"standard","meta":{"footnotes":""},"categories":[5,7],"tags":[12,21,28,29],"class_list":["post-6553","post","type-post","status-publish","format-standard","has-post-thumbnail","hentry","category-museu-virtual","category-noticias","tag-blog","tag-fake-news","tag-museu","tag-museu-virtual"],"_links":{"self":[{"href":"https:\/\/webmuseu.org\/lavmuseu\/wp-json\/wp\/v2\/posts\/6553","targetHints":{"allow":["GET"]}}],"collection":[{"href":"https:\/\/webmuseu.org\/lavmuseu\/wp-json\/wp\/v2\/posts"}],"about":[{"href":"https:\/\/webmuseu.org\/lavmuseu\/wp-json\/wp\/v2\/types\/post"}],"author":[{"embeddable":true,"href":"https:\/\/webmuseu.org\/lavmuseu\/wp-json\/wp\/v2\/users\/1"}],"replies":[{"embeddable":true,"href":"https:\/\/webmuseu.org\/lavmuseu\/wp-json\/wp\/v2\/comments?post=6553"}],"version-history":[{"count":2,"href":"https:\/\/webmuseu.org\/lavmuseu\/wp-json\/wp\/v2\/posts\/6553\/revisions"}],"predecessor-version":[{"id":7537,"href":"https:\/\/webmuseu.org\/lavmuseu\/wp-json\/wp\/v2\/posts\/6553\/revisions\/7537"}],"wp:featuredmedia":[{"embeddable":true,"href":"https:\/\/webmuseu.org\/lavmuseu\/wp-json\/wp\/v2\/media\/6556"}],"wp:attachment":[{"href":"https:\/\/webmuseu.org\/lavmuseu\/wp-json\/wp\/v2\/media?parent=6553"}],"wp:term":[{"taxonomy":"category","embeddable":true,"href":"https:\/\/webmuseu.org\/lavmuseu\/wp-json\/wp\/v2\/categories?post=6553"},{"taxonomy":"post_tag","embeddable":true,"href":"https:\/\/webmuseu.org\/lavmuseu\/wp-json\/wp\/v2\/tags?post=6553"}],"curies":[{"name":"wp","href":"https:\/\/api.w.org\/{rel}","templated":true}]}}